{"id":328,"date":"2024-02-23T10:40:00","date_gmt":"2024-02-23T09:40:00","guid":{"rendered":"https:\/\/stact.at\/?p=328"},"modified":"2024-04-11T12:36:10","modified_gmt":"2024-04-11T10:36:10","slug":"project-meeting-an-der-htl-spengergasse","status":"publish","type":"post","link":"https:\/\/stact.at\/?p=328","title":{"rendered":"Project Meeting an der HTL Spengergasse"},"content":{"rendered":"\n<p>Am 19.02.2024 fand nach diversen Online-Meetings das erste F2F-Meeting an der <a href=\"https:\/\/www.spengergasse.at\/\">HTL Spengergasse<\/a> statt. Aufgrund von Erkrankungen war nur ein Teil des StAct-Teams anwesend, allerdings freuten wir uns \u00fcber den freundlichen Empfang von Herrn Direktor <strong>Dr. Gerhard HAGER<\/strong> und die Teilnahme von Herrn <strong>DI Robert JELINEK<\/strong>, dem Vorstand der Abteilung <a href=\"https:\/\/www.spengergasse.at\/?page_id=2114\">Informatik<\/a>. Vor Ort organisiert wurde das Meeting von <strong>Michael DOLEZAL<\/strong>, der mit einem dritten Jahrgang aktiv am Projekt beteiligt ist.<\/p>\n\n\n\n<div style=\"height:30px\" aria-hidden=\"true\" class=\"wp-block-spacer\"><\/div>\n\n\n\n<p>Inhaltlich ging es um folgende Punkte: Kurzberichte der einzelnen Schulteams, Evaluierungskonzept, Young-Science-G\u00fctesiegel f\u00fcr Forschungspartnerschulen (die HTL Spengergasse hat \u00fcbrigens an der Ausschreibung teilgenommen!), Dissemination, Kooperationszusch\u00fcsse, Vorbereitung der Abschlussveranstaltung zum Forschungszyklus 1 (5. Juni 2024 an der PH Wien) und das Arbeitspaket Inklusion. F\u00fcr dieses Arbeitspaket planen wir einen Workshop mit Frau <strong>Univ.-Prof.<sup>in<\/sup> DI<sup>in<\/sup> Dr.<sup>in<\/sup> <a href=\"https:\/\/informatik.univie.ac.at\/fakultaet\/leitung\/dekaninnen\/person\/3667\/\">Renate MOTSCHNIG<\/a><\/strong> von der <a href=\"https:\/\/www.univie.ac.at\/\">Universit\u00e4t Wien<\/a>, <a href=\"https:\/\/informatik.univie.ac.at\/\">Fakult\u00e4t f\u00fcr Informatik<\/a> (<a href=\"https:\/\/eden.cs.univie.ac.at\">Forschungsgruppe Education, Didactics and Entertainment Computing<\/a>) zum Thema &#8222;Open Cases&#8220;, einem Setting zur Bew\u00e4ltigung von Herausforderungen in kleinen Gruppen.<\/p>\n\n\n\n<div style=\"height:30px\" aria-hidden=\"true\" class=\"wp-block-spacer\"><\/div>\n\n\n\n<p>Im Genderworkshop zu Beginn des Projekts wurden der theoretische Hintergrund und das genderreflektierte Wissen im Themenfeld von StAct bereits gest\u00e4rkt und die Teilnehmer*innen in ihrer Reflexionsf\u00e4higkeit \u00fcber geschlechtlich konnotierte gesellschaftliche und pers\u00f6nliche Prozesse gest\u00e4rkt. Die Fragen, was es aber konkret hei\u00dft und wie es gelingen kann, in StAct durchwegs genderinformiert zu handeln, reicht in die Praxis der Umsetzung \u00a0des Projekts hinein. Handlungskompetenz \u2013 einer der wesentlichen Bausteine von Genderkompetenz \u2013 wird kontinuierlich aufgebaut, indem der konkrete Umgang mit Gender und Diversit\u00e4t in StAct auf der Agenda aller Projektmeetings durchwegs als TOP eingeplant wird. So k\u00f6nnen wahrgenommene Herausforderungen gemeinsam im Team besprochen werden, Erfahrungen ausgetauscht oder neue Ideen und die F\u00e4higkeit entwickelt werden, so damit umzugehen, dass den Teilnehmer*innen <em>&#8222;vielf\u00e4ltige Entwicklungsm\u00f6glichkeiten er\u00f6ffnet werden<\/em>&#8220; (Metz-G\u00f6ckel &amp; Roloff, 2015). Um das zu erreichen, sollen alle am Projekt beteiligten Akteur*innen erste Erfahrungen mit dem Open Case Setting (<a href=\"https:\/\/www.researchgate.net\/publication\/333708235_The_Open_Case_as_a_Setting_for_Addressing_Challenges_in_Small_Groups_Post-graduate_Computer_Science_Students%27_Perspectives\">Motschnig, 2016<\/a>) machen. Der Open Case ist eine kollaborative, kleine Gruppenintervention, die sich aus dem &#8222;intensiven Gruppenerlebnis&#8220; des personenzentrierten Ansatzes ableitet. Er konzentriert sich auf die Identifizierung und Bew\u00e4ltigung herausfordernder beruflicher oder pers\u00f6nlicher Situationen durch einen geleiteten Prozess der Reflexion und des Engagements in einem kleinen Gruppenrahmen und hat sich in verschiedenen beruflichen und akademischen Kontexten als erfolgreich erwiesen.<\/p>\n","protected":false},"excerpt":{"rendered":"<p>Am 19.02.2024 fand nach diversen Online-Meetings das erste F2F-Meeting an der HTL Spengergasse statt. Aufgrund von Erkrankungen war nur ein Teil des StAct-Teams anwesend, allerdings freuten wir uns \u00fcber den freundlichen Empfang von Herrn Direktor Dr. Gerhard HAGER und die Teilnahme von Herrn DI Robert JELINEK, dem Vorstand der Abteilung Informatik. Vor Ort organisiert wurde [&hellip;]<\/p>\n","protected":false},"author":2,"featured_media":329,"comment_status":"closed","ping_status":"open","sticky":false,"template":"","format":"standard","meta":{"footnotes":""},"categories":[1,32],"tags":[26,8,33,27],"class_list":["post-328","post","type-post","status-publish","format-standard","has-post-thumbnail","hentry","category-allgemein","category-project-meeting","tag-digitale-transformation","tag-gender","tag-open-case","tag-partizipative-forschung"],"_links":{"self":[{"href":"https:\/\/stact.at\/index.php?rest_route=\/wp\/v2\/posts\/328","targetHints":{"allow":["GET"]}}],"collection":[{"href":"https:\/\/stact.at\/index.php?rest_route=\/wp\/v2\/posts"}],"about":[{"href":"https:\/\/stact.at\/index.php?rest_route=\/wp\/v2\/types\/post"}],"author":[{"embeddable":true,"href":"https:\/\/stact.at\/index.php?rest_route=\/wp\/v2\/users\/2"}],"replies":[{"embeddable":true,"href":"https:\/\/stact.at\/index.php?rest_route=%2Fwp%2Fv2%2Fcomments&post=328"}],"version-history":[{"count":2,"href":"https:\/\/stact.at\/index.php?rest_route=\/wp\/v2\/posts\/328\/revisions"}],"predecessor-version":[{"id":333,"href":"https:\/\/stact.at\/index.php?rest_route=\/wp\/v2\/posts\/328\/revisions\/333"}],"wp:featuredmedia":[{"embeddable":true,"href":"https:\/\/stact.at\/index.php?rest_route=\/wp\/v2\/media\/329"}],"wp:attachment":[{"href":"https:\/\/stact.at\/index.php?rest_route=%2Fwp%2Fv2%2Fmedia&parent=328"}],"wp:term":[{"taxonomy":"category","embeddable":true,"href":"https:\/\/stact.at\/index.php?rest_route=%2Fwp%2Fv2%2Fcategories&post=328"},{"taxonomy":"post_tag","embeddable":true,"href":"https:\/\/stact.at\/index.php?rest_route=%2Fwp%2Fv2%2Ftags&post=328"}],"curies":[{"name":"wp","href":"https:\/\/api.w.org\/{rel}","templated":true}]}}